[{"@context":"https:\/\/schema.org\/","@type":"Article","@id":"https:\/\/www.okdxf.cz\/krasa-jako-ideal\/#Article","mainEntityOfPage":"https:\/\/www.okdxf.cz\/krasa-jako-ideal\/","headline":"Kr\u00e1sa jako ide\u00e1l","name":"Kr\u00e1sa jako ide\u00e1l","description":"Vn\u011bj\u0161\u00ed kr\u00e1sa&#13; V\u0161ichni se r\u00e1di obklopujeme kr\u00e1sn\u00fdmi v\u011bcmi a je\u0161t\u011b rad\u011bji se d\u00edv\u00e1me na kr\u00e1sn\u00e9 lidi. Tato vn\u011bj\u0161\u00ed kr\u00e1sa je v\u0161ak jen takov\u00e9 pozl\u00e1tko pro na\u0161e o\u0161\u00e1len\u00ed. Pouze ve vn\u011bj\u0161\u00ed kr\u00e1se ide\u00e1l nikdy nenajdeme a pokud se upneme pouze na ni, budeme v\u017edy krut\u011b zklam\u00e1ni. V\u017edy\u0165 k \u010demu n\u00e1m bude kr\u00e1sn\u00fd d\u016fm, kdy\u017e se v...","datePublished":"2023-04-27","dateModified":"2023-04-27","author":{"@type":"Person","@id":"https:\/\/www.okdxf.cz\/author\/#Person","name":"okdxf.cz\n","url":"https:\/\/www.okdxf.cz\/author\/","identifier":1,"image":{"@type":"ImageObject","@id":"https:\/\/secure.gravatar.com\/avatar\/664d9cd24f58d4d0b526991e1fec4656a216f6db124bbd66c69ade0e846d4f16?s=96&d=mm&r=g","url":"https:\/\/secure.gravatar.com\/avatar\/664d9cd24f58d4d0b526991e1fec4656a216f6db124bbd66c69ade0e846d4f16?s=96&d=mm&r=g","height":96,"width":96}},"publisher":{"@type":"Organization","name":"okdxf.cz","logo":{"@type":"ImageObject","@id":"\/logo.png","url":"\/logo.png","width":600,"height":60}},"url":"https:\/\/www.okdxf.cz\/krasa-jako-ideal\/","about":["Kr\u00e1sa"],"wordCount":421,"articleBody":" Vn\u011bj\u0161\u00ed kr\u00e1sa&#13; V\u0161ichni se r\u00e1di obklopujeme kr\u00e1sn\u00fdmi v\u011bcmi a je\u0161t\u011b rad\u011bji se d\u00edv\u00e1me na kr\u00e1sn\u00e9 lidi. Tato vn\u011bj\u0161\u00ed kr\u00e1sa je v\u0161ak jen takov\u00e9 pozl\u00e1tko pro na\u0161e o\u0161\u00e1len\u00ed. Pouze ve vn\u011bj\u0161\u00ed kr\u00e1se ide\u00e1l nikdy nenajdeme a pokud se upneme pouze na ni, budeme v\u017edy krut\u011b zklam\u00e1ni. V\u017edy\u0165 k \u010demu n\u00e1m bude kr\u00e1sn\u00fd d\u016fm, kdy\u017e se v n\u011bm budeme c\u00edtit osamocen\u00ed, k \u010demu n\u00e1m bude kr\u00e1sn\u00e1 sk\u0159\u00ed\u0148, kdy\u017e bude naprosto nepraktick\u00e1 a k \u010demu n\u00e1m bude kr\u00e1sa \u017eeny, kdy\u017e bude soust\u0159ed\u011bna jen sama na sebe a bude j\u00ed sch\u00e1zet lidsk\u00e1 hodnota.&#13; &#13; Vn\u011bj\u0161\u00ed kr\u00e1sa okam\u017eit\u011b upout\u00e1 na\u0161i pozornost, a tak ji hned obdivujeme, proto\u017ee je t\u00edm prvn\u00edm, co jsme zaregistrovali d\u0159\u00edve ne\u017e ostatn\u00ed vlastnosti. Vytv\u00e1\u0159\u00ed dojem, \u017ee je tou nejvy\u0161\u0161\u00ed hodnotou, a\u010dkoliv je to jen pr\u00e1zdnota a povrchnost. Lesk vn\u011bj\u0161\u00ed kr\u00e1sy na chv\u00edli ohrom\u00ed, abychom jej brzy opustili a hledali vnit\u0159n\u00ed teplo a l\u00e1sku.&#13; &#13; Vnit\u0159n\u00ed kr\u00e1sa&#13; Ani\u017e jsme si toho p\u0159\u00edli\u0161 v\u011bdomi, odr\u00e1\u017e\u00ed se v na\u0161\u00ed tv\u00e1\u0159i ve\u0161ker\u00e9 na\u0161e my\u0161lenky a zp\u016fsob chov\u00e1n\u00ed. Ka\u017ed\u00e1 zloba, nespokojenost a naopak radost ze \u017eivota a pocit \u0161t\u011bst\u00ed, to v\u0161echno zp\u016fsobuje, jak n\u00e1s lidi vn\u00edmaj\u00ed a jak r\u00e1di jsou v na\u0161\u00ed spole\u010dnosti.&#13; &#13; \u017dena nemus\u00ed m\u00edt ple\u0165 bez poskvrnky ani soum\u011brnou postavu a p\u0159esto m\u016f\u017ee b\u00fdt kr\u00e1sn\u00e1 sv\u00fdm p\u0159irozen\u00fdm zp\u016fsobem, vnit\u0159n\u00ed harmoni\u00ed a l\u00e1skou sama k sob\u011b. Ka\u017ed\u00e1 \u017eena zkr\u00e1sn\u00ed, kdy\u017e z\u00e1\u0159\u00ed l\u00e1skou a spokojenost\u00ed. I vr\u00e1s\u010ditou sta\u0159enku vn\u00edm\u00e1me jako kr\u00e1snou, proto\u017ee je laskav\u00e1, moudr\u00e1 a mil\u00e1. &#13; &#13; Na\u0161i p\u0159ita\u017elivost nevytv\u00e1\u0159\u00ed vn\u011bj\u0161\u00ed vzhled s\u00e1m o sob\u011b. M\u016f\u017eeme vyj\u00edt z kosmetick\u00e9ho salonu perfektn\u011b upraven\u00e9, ale kdy\u017e m\u00e1me smutn\u00e9 o\u010di bez lesku a nucen\u00fd \u00fasm\u011bv, sv\u011bt n\u00e1s p\u0159esto jako kr\u00e1sn\u00e9 neuvid\u00ed.&#13; &#13; Z\u00e1v\u011br pat\u0159\u00ed slov\u016fm zn\u00e1m\u00e9 here\u010dky Andrey Hepburnov\u00e9, kter\u00e1 dok\u00e1zala harmonicky spojit oba druhy \u017eensk\u00e9 kr\u00e1sy:&#13; \u201ePrav\u00e1 kr\u00e1sa vych\u00e1z\u00ed zevnit\u0159. A \u017eivot n\u00e1m nep\u0159est\u00e1v\u00e1 dokazovat jedinou pravdu: t\u011blo je opravdu kr\u00e1sn\u00e9, kdy\u017e v n\u011bm \u017eije kr\u00e1sn\u00e1 du\u0161e!\u201c&#13;                                                                                                                                                                                                                                                                                                                                                                                        2\/5 - (2 votes)        "},{"@context":"https:\/\/schema.org\/","@type":"BreadcrumbList","itemListElement":[{"@type":"ListItem","position":1,"name":"Kr\u00e1sa jako ide\u00e1l","item":"https:\/\/www.okdxf.cz\/krasa-jako-ideal\/#breadcrumbitem"}]}]