[{"@context":"https:\/\/schema.org\/","@type":"Article","@id":"https:\/\/www.okdxf.cz\/pece-o-oci\/#Article","mainEntityOfPage":"https:\/\/www.okdxf.cz\/pece-o-oci\/","headline":"P\u00e9\u010de o o\u010di","name":"P\u00e9\u010de o o\u010di","description":"O\u010di jsou velmi citliv\u00e9 org\u00e1ny a p\u00e9\u010de o n\u011b by tomuto faktu m\u011bla odpov\u00eddat. Rozhodn\u011b byste ji nem\u011bly podce\u0148ovat. N\u011bkter\u00e9 \u017eeny se o o\u010di za\u010dnou v\u00edce starat, a\u017e kdy\u017e se vyskytne probl\u00e9m, co\u017e m\u016f\u017ee b\u00fdt u\u017e pozd\u011b. Nejb\u011b\u017en\u011bj\u0161\u00edm probl\u00e9mem, kter\u00fd v\u00e1s m\u016f\u017ee potkat, je z\u00e1n\u011bt spojivek. Jedn\u00e1 o velmi snadno p\u0159enosn\u00e9 onemocn\u011bn\u00ed o\u010d\u00ed, a proto...","datePublished":"2025-02-24","dateModified":"2023-04-27","author":{"@type":"Person","@id":"https:\/\/www.okdxf.cz\/author\/#Person","name":"okdxf.cz\n","url":"https:\/\/www.okdxf.cz\/author\/","identifier":1,"image":{"@type":"ImageObject","@id":"https:\/\/secure.gravatar.com\/avatar\/664d9cd24f58d4d0b526991e1fec4656a216f6db124bbd66c69ade0e846d4f16?s=96&d=mm&r=g","url":"https:\/\/secure.gravatar.com\/avatar\/664d9cd24f58d4d0b526991e1fec4656a216f6db124bbd66c69ade0e846d4f16?s=96&d=mm&r=g","height":96,"width":96}},"publisher":{"@type":"Organization","name":"okdxf.cz","logo":{"@type":"ImageObject","@id":"\/logo.png","url":"\/logo.png","width":600,"height":60}},"image":{"@type":"ImageObject","@id":"https:\/\/www.okdxf.cz\/wp-content\/uploads\/img_a317631_w1714_t1528362583.jpg","url":"https:\/\/www.okdxf.cz\/wp-content\/uploads\/img_a317631_w1714_t1528362583.jpg","height":0,"width":0},"url":"https:\/\/www.okdxf.cz\/pece-o-oci\/","about":["Kr\u00e1sa"],"wordCount":456,"articleBody":" O\u010di jsou velmi citliv\u00e9 org\u00e1ny a p\u00e9\u010de o n\u011b by tomuto faktu m\u011bla odpov\u00eddat. Rozhodn\u011b byste ji nem\u011bly podce\u0148ovat. N\u011bkter\u00e9 \u017eeny se o o\u010di za\u010dnou v\u00edce starat, a\u017e kdy\u017e se vyskytne probl\u00e9m, co\u017e m\u016f\u017ee b\u00fdt u\u017e pozd\u011b. Nejb\u011b\u017en\u011bj\u0161\u00edm probl\u00e9mem, kter\u00fd v\u00e1s m\u016f\u017ee potkat, je z\u00e1n\u011bt spojivek. Jedn\u00e1 o velmi snadno p\u0159enosn\u00e9 onemocn\u011bn\u00ed o\u010d\u00ed, a proto nap\u0159\u00edklad nikdy nepou\u017e\u00edvejte ciz\u00ed \u0159asenku. Svou \u0159asenku pravideln\u011b m\u011b\u0148te. Z\u00e1n\u011bt spojivek si m\u016f\u017eete zp\u016fsobit celkem jednodu\u0161e sami, t\u00edm \u017ee si zdroj n\u00e1kazy do o\u010d\u00ed p\u0159enesete nap\u0159\u00edklad \u0161pinav\u00fdma rukama nebo pou\u017eit\u00fdm ru\u010dn\u00edkem. P\u0159ed \u010d\u00edm byste m\u011bly sv\u00e9 o\u010di chr\u00e1nit? Pokud holdujete kou\u0159en\u00ed, pak v\u011bzte, \u017ee to m\u00e1 vliv na va\u0161e o\u010di, doch\u00e1z\u00ed k dehydrataci a va\u0161e o\u010di jsou citliv\u011bj\u0161\u00ed a bolestiv\u011bj\u0161\u00ed. Pokud je venku ostr\u00e9 slunce, je d\u016fle\u017eit\u00e9 o\u010di chr\u00e1nit p\u0159ed UV paprsky kvalitn\u00edmi slune\u010dn\u00edmi br\u00fdlemi. A to nejen v l\u00e9t\u011b, ale tak\u00e9 p\u0159i pobytu na hor\u00e1ch. Pokud nos\u00edte kontaktn\u00ed \u010do\u010dky, m\u011bly byste si p\u0159edt\u00edm po\u0159\u00e1dn\u011b um\u00fdt ruce a m\u00edt o\u010di odl\u00ed\u010den\u00e9. Jak l\u00ed\u010dit o\u010di, pokud nos\u00edte br\u00fdle? Byla by chybou sna\u017eit se no\u0161en\u00ed br\u00fdl\u00ed kompenzovat velk\u00fdm mno\u017estv\u00edm o\u010dn\u00edch l\u00ed\u010didel. Pokud jste kr\u00e1tkozrak\u00e9, ud\u011blejte si pod\u00e9l horn\u00edch \u0159as linku a pou\u017e\u00edvejte jasn\u00e9 o\u010dn\u00ed st\u00edny. Pokud jste dalekozrak\u00e9, je to p\u0159esn\u011b naopak, pou\u017e\u00edvejte tmav\u0161\u00ed o\u010dn\u00ed st\u00edny. M\u011bly byste zohlednit i velikost a tvar obrou\u010dk\u016f br\u00fdl\u00ed, pokud m\u00e1te n\u011bjak\u00e9 v\u00fdrazn\u011bj\u0161\u00ed, dopl\u0148te je sp\u00ed\u0161e decentn\u011bj\u0161\u00edm l\u00ed\u010den\u00edm. Pokud Va\u0161e br\u00fdle \u017e\u00e1dn\u00e9 obrou\u010dky nemaj\u00ed, nemus\u00edte se nijak omezovat. Br\u00fdle nav\u00edc p\u0159itahuj\u00ed pozornost k obo\u010d\u00ed, tak\u017ee si dejte pozor na to, abyste jej m\u011bly p\u011bkn\u011b upraven\u00e9. Pokud m\u00e1te o\u010di bl\u00edzko posazen\u00e9, opticky je odd\u00e1l\u00edte, pokud zesv\u011btl\u00edte vnit\u0159n\u00ed koutky. Naopak vn\u011bj\u0161\u00ed koutky zv\u00fdrazn\u011bte tmav\u0161\u00edmi st\u00edny. U \u0161iroko posazen\u00fdch o\u010d\u00ed, tuto rado aplikujte obr\u00e1cen\u011b. M\u00e1te-li o\u010di hluboko posazen\u00e9, pou\u017eijte projas\u0148uj\u00edc\u00ed korektor a na v\u00ed\u010dko sv\u011btl\u00e9 o\u010dn\u00ed st\u00edny. Nad n\u011b aplikujte o n\u011bco tmav\u0161\u00ed odst\u00edn. Horn\u00ed i doln\u00ed v\u00ed\u010dko m\u016f\u017eete or\u00e1movat co nejbl\u00ed\u017ee k \u0159as\u00e1m.                                                                                                                                                                                                                                                                                                                                                                                         5\/5 - (1 vote)        "},{"@context":"https:\/\/schema.org\/","@type":"BreadcrumbList","itemListElement":[{"@type":"ListItem","position":1,"name":"P\u00e9\u010de o o\u010di","item":"https:\/\/www.okdxf.cz\/pece-o-oci\/#breadcrumbitem"}]}]