[{"@context":"https:\/\/schema.org\/","@type":"Article","@id":"https:\/\/www.okdxf.cz\/v-novem-muzete-bydlet-i-vy\/#Article","mainEntityOfPage":"https:\/\/www.okdxf.cz\/v-novem-muzete-bydlet-i-vy\/","headline":"V nov\u00e9m m\u016f\u017eete bydlet i vy","name":"V nov\u00e9m m\u016f\u017eete bydlet i vy","description":"Domovem se domov st\u00e1v\u00e1 a\u017e tehdy, kdy\u017e se v n\u011bm rodina c\u00edt\u00ed dob\u0159e. A to nejde v p\u0159\u00edpad\u011b, \u017ee m\u00e1te doma star\u00e9 a nevzhledn\u00e9 vybaven\u00ed, kter\u00e9 u\u017e d\u00e1vno neslou\u017e\u00ed tak, jako kdysi. V\u0161echno se opot\u0159ebuje, a pokud m\u00e1te doma takov\u00e9 vybaven\u00ed i vy, nechte si u n\u00e1s vyrobit nov\u00e9. D\u00edky na\u0161emu n\u00e1bytku z Plzn\u011b z\u00edsk\u00e1te...","datePublished":"2024-12-05","dateModified":"2024-12-05","author":{"@type":"Person","@id":"https:\/\/www.okdxf.cz\/author\/#Person","name":"okdxf.cz\n","url":"https:\/\/www.okdxf.cz\/author\/","identifier":1,"image":{"@type":"ImageObject","@id":"https:\/\/secure.gravatar.com\/avatar\/664d9cd24f58d4d0b526991e1fec4656a216f6db124bbd66c69ade0e846d4f16?s=96&d=mm&r=g","url":"https:\/\/secure.gravatar.com\/avatar\/664d9cd24f58d4d0b526991e1fec4656a216f6db124bbd66c69ade0e846d4f16?s=96&d=mm&r=g","height":96,"width":96}},"publisher":{"@type":"Organization","name":"okdxf.cz","logo":{"@type":"ImageObject","@id":"\/logo.png","url":"\/logo.png","width":600,"height":60}},"url":"https:\/\/www.okdxf.cz\/v-novem-muzete-bydlet-i-vy\/","wordCount":215,"articleBody":" Domovem se domov st\u00e1v\u00e1 a\u017e tehdy, kdy\u017e se v n\u011bm rodina c\u00edt\u00ed dob\u0159e. A to nejde v p\u0159\u00edpad\u011b, \u017ee m\u00e1te doma star\u00e9 a nevzhledn\u00e9 vybaven\u00ed, kter\u00e9 u\u017e d\u00e1vno neslou\u017e\u00ed tak, jako kdysi. V\u0161echno se opot\u0159ebuje, a pokud m\u00e1te doma takov\u00e9 vybaven\u00ed i vy, nechte si u n\u00e1s vyrobit nov\u00e9. D\u00edky na\u0161emu n\u00e1bytku z Plzn\u011b z\u00edsk\u00e1te p\u0159esn\u011b to, co hled\u00e1te, a t\u00edm je t\u0159eba \u0161atn\u00ed sk\u0159\u00ed\u0148 nebo kuchy\u0148sk\u00e1 linka. Prohl\u00e9dn\u011bte si na\u0161e v\u00fdrobky, a nechte si u n\u00e1s zvelebit sv\u00e9 bydlen\u00ed i vy. Nem\u00e1te vysok\u00fd p\u0159\u00edjem? U n\u00e1s nemus\u00edte m\u00edt vysok\u00e9 p\u0159\u00edjmy, abyste si mohli dovolit nov\u00e9 vybaven\u00ed. M\u016f\u017eete si jej u n\u00e1s koupit i na spl\u00e1tky, pokud to budete pot\u0159ebovat. Zvelebte sv\u016fj interi\u00e9r nov\u00fdmi kusy sk\u0159\u00edn\u00ed, kuchy\u0148skou linkou, a spoustou dal\u0161\u00edch v\u00fdrobk\u016f, kter\u00e9 v\u00e1m vyrob\u00edme za p\u00e1r dn\u00ed podle va\u0161ich p\u0159edstav. R\u00e1di s v\u00e1mi probereme jak va\u0161e finan\u010dn\u00ed, tak prostorov\u00e9 mo\u017enosti, a ud\u011bl\u00e1me v\u0161e pro to, abyste \u017eili v takov\u00e9m interi\u00e9ru, jak\u00fd si p\u0159edstavujete.                                                                                                                                                                                                                                                                                                                                                                                        5\/5 - (2 votes)        "},{"@context":"https:\/\/schema.org\/","@type":"BreadcrumbList","itemListElement":[{"@type":"ListItem","position":1,"name":"V nov\u00e9m m\u016f\u017eete bydlet i vy","item":"https:\/\/www.okdxf.cz\/v-novem-muzete-bydlet-i-vy\/#breadcrumbitem"}]}]