[{"@context":"https:\/\/schema.org\/","@type":"Article","@id":"https:\/\/www.okdxf.cz\/vite-jak-byste-spravne-mela-prat-pradlo-nebo-jak-obsluhovat-pracku\/#Article","mainEntityOfPage":"https:\/\/www.okdxf.cz\/vite-jak-byste-spravne-mela-prat-pradlo-nebo-jak-obsluhovat-pracku\/","headline":"V\u00edte, jak byste spr\u00e1vn\u011b m\u011bla pr\u00e1t pr\u00e1dlo nebo jak obsluhovat pra\u010dku?","name":"V\u00edte, jak byste spr\u00e1vn\u011b m\u011bla pr\u00e1t pr\u00e1dlo nebo jak obsluhovat pra\u010dku?","description":"Chcete b\u00edl\u00e9 a \u010dist\u00e9 pr\u00e1dlo? Chcete v\u011bd\u011bt, kolik pr\u00e1\u0161ku ide\u00e1ln\u011b nalo\u017eit, jak pr\u00e1dlo rozt\u0159\u00eddit a jak za\u0159\u00eddit, aby pr\u00e1dlo von\u011blo? Ujist\u011bte se, \u017ee m\u00e1te pr\u00e1dlo beze skvrn a \u00fapln\u011b \u010dist\u00e9. Nejde jenom o to, jak\u00fd prac\u00ed pr\u00e1\u0161ek zvol\u00edte nebo jakou p\u0159id\u00e1te aviv\u00e1\u017e. Mus\u00edte zn\u00e1t i p\u00e1r tajn\u00fdch trik\u016f. Nezapome\u0148te v\u0161echno pr\u00e1dlo rozt\u0159\u00eddit V\u011bt\u0161inou t\u0159\u00edd\u00edme klasicky...","datePublished":"2025-02-26","dateModified":"2023-04-27","author":{"@type":"Person","@id":"https:\/\/www.okdxf.cz\/author\/#Person","name":"okdxf.cz\n","url":"https:\/\/www.okdxf.cz\/author\/","identifier":1,"image":{"@type":"ImageObject","@id":"https:\/\/secure.gravatar.com\/avatar\/664d9cd24f58d4d0b526991e1fec4656a216f6db124bbd66c69ade0e846d4f16?s=96&d=mm&r=g","url":"https:\/\/secure.gravatar.com\/avatar\/664d9cd24f58d4d0b526991e1fec4656a216f6db124bbd66c69ade0e846d4f16?s=96&d=mm&r=g","height":96,"width":96}},"publisher":{"@type":"Organization","name":"okdxf.cz","logo":{"@type":"ImageObject","@id":"\/logo.png","url":"\/logo.png","width":600,"height":60}},"image":{"@type":"ImageObject","@id":"https:\/\/www.okdxf.cz\/wp-content\/uploads\/img_a288304_w1714_t1498743769.jpg","url":"https:\/\/www.okdxf.cz\/wp-content\/uploads\/img_a288304_w1714_t1498743769.jpg","height":0,"width":0},"url":"https:\/\/www.okdxf.cz\/vite-jak-byste-spravne-mela-prat-pradlo-nebo-jak-obsluhovat-pracku\/","about":["Bydlen\u00ed"],"wordCount":422,"articleBody":"Chcete b\u00edl\u00e9 a \u010dist\u00e9 pr\u00e1dlo? Chcete v\u011bd\u011bt, kolik pr\u00e1\u0161ku ide\u00e1ln\u011b nalo\u017eit, jak pr\u00e1dlo rozt\u0159\u00eddit a jak za\u0159\u00eddit, aby pr\u00e1dlo von\u011blo? Ujist\u011bte se, \u017ee m\u00e1te pr\u00e1dlo beze skvrn a \u00fapln\u011b \u010dist\u00e9. Nejde jenom o to, jak\u00fd prac\u00ed pr\u00e1\u0161ek zvol\u00edte nebo jakou p\u0159id\u00e1te aviv\u00e1\u017e. Mus\u00edte zn\u00e1t i p\u00e1r tajn\u00fdch trik\u016f.  Nezapome\u0148te v\u0161echno pr\u00e1dlo rozt\u0159\u00eddit V\u011bt\u0161inou t\u0159\u00edd\u00edme klasicky podle barvy. \u010cern\u00e9, b\u00edl\u00e9, \u010derven\u00e9, barevn\u00e9. P\u0159\u00edpadn\u011b je\u0161t\u011b rozli\u0161ujte pr\u00e1dlo na tmav\u00e9 barevn\u00e9 a sv\u011btl\u00e9 barevn\u00e9, potom je nejsp\u00ed\u0161 lep\u0161\u00ed toto rozd\u011blen\u00ed ve v\u011bt\u0161\u00ed rodin\u011b. Pokud jste sami, je pravd\u011bpodobn\u00ed, \u017ee i tohle t\u0159\u00edd\u011bn\u00ed v\u00e1m p\u0159ijde zbyte\u010dn\u00e9, zvl\u00e1\u0161\u0165 kv\u016fli mno\u017estv\u00ed vody a pr\u00e1\u0161ku. \u00b7 Barvy jsou rozli\u0161n\u00e9 M\u016f\u017eete klidn\u011b pr\u00e1t \u010dern\u00e9 s tmav\u011b modr\u00fdm a tmav\u011b hn\u011bd\u00fdm, ale v tom p\u0159\u00edpad\u011b v\u00e1m nedoporu\u010dujeme do toho m\u00edchat \u0161edou barvu, kter\u00e1 velmi rychle zach\u00e1z\u00ed. Tu rad\u011bji perte s \u010dern\u00fdm oble\u010den\u00edm nebo zvl\u00e1\u0161\u0165, pokud m\u00e1te \u0161ed\u00e9 barvy hodn\u011b.  Zkontrolujte \u00fadaj, kter\u00fd je na l\u00edste\u010dku v\u00fdroby kousku oble\u010den\u00ed Pr\u00e1v\u011b tady najdete, jak se m\u00e1 pr\u00e1dlo pr\u00e1t a na kolik \u017eehlit. Pokud se t\u011bmito \u00fadaji budete \u0159\u00eddit, nebudete nejsp\u00ed\u0161 pot\u0159ebovat barevn\u00e9 rozli\u0161en\u00e9, zvl\u00e1\u0161\u0165 u sv\u011btl\u00fdch odst\u00edn\u016f. Naopak nikdy nev\u011b\u0159te \u010derven\u00e9 barv\u011b a v\u017edy ji perte zvl\u00e1\u0161\u0165. \u00b7 Odd\u011blujte citliv\u011bj\u0161\u00ed vl\u00e1kna a perte je zvl\u00e1\u0161\u0165. Ur\u010dit\u011b si nechcete ni\u010dit ka\u0161m\u00edr nebo jin\u00e9 drah\u00e9 a velmi citliv\u00e9 l\u00e1tky, jako je krajka. Rad\u011bji je perte v ruce nebo najd\u011bte na pra\u010dce speci\u00e1ln\u00ed \u00fadaj \u201eru\u010dn\u00ed pran\u00ed\u201c.  JAK SPR\u00c1VN\u011a NAPLNIT PRA\u010cKU? Pr\u00e1dlo se v pra\u010dce myje tak, \u017ee se l\u00e1tka uvnit\u0159 bubnu t\u0159e o sebe a m\u00eds\u00ed s pr\u00e1\u0161kem na pran\u00ed nebo aviv\u00e1\u017e\u00ed. Proto mus\u00edte db\u00e1t na to, aby nebylo v pra\u010dce jedno tri\u010dko, proto\u017ee to by se nejsp\u00ed\u0161 nevypralo, pokud by bylo hodn\u011b za\u0161pin\u011bn\u00e9. Naopak ale tak\u00e9 nesm\u00edte dopustit, abyste pra\u010dku nacpali a\u017e po okraj bubnu, proto\u017ee potom se jednak spr\u00e1vn\u011b nerozm\u00edch\u00e1 pr\u00e1\u0161ek na pran\u00ed, a nav\u00edc se bude pr\u00e1dlo jenom p\u0159evalovat v jedn\u00e9 velk\u00e9 kouli, ani\u017e by se vypralo.                                                                                                                                                                                                                                                                                                                                                                                          2\/5 - (3 votes)        "},{"@context":"https:\/\/schema.org\/","@type":"BreadcrumbList","itemListElement":[{"@type":"ListItem","position":1,"name":"V\u00edte, jak byste spr\u00e1vn\u011b m\u011bla pr\u00e1t pr\u00e1dlo nebo jak obsluhovat pra\u010dku?","item":"https:\/\/www.okdxf.cz\/vite-jak-byste-spravne-mela-prat-pradlo-nebo-jak-obsluhovat-pracku\/#breadcrumbitem"}]}]